{"id":16895,"date":"2021-02-23T09:18:11","date_gmt":"2021-02-23T08:18:11","guid":{"rendered":"https:\/\/www.sggw.edu.pl\/2021\/02\/23\/digital-inclusion\/"},"modified":"2021-02-23T09:22:38","modified_gmt":"2021-02-23T08:22:38","slug":"digital-inclusion","status":"publish","type":"post","link":"https:\/\/www.sggw.edu.pl\/en\/digital-inclusion\/","title":{"rendered":"Digital Inclusion"},"content":{"rendered":"\t\t<div data-elementor-type=\"wp-post\" data-elementor-id=\"16895\" class=\"elementor elementor-16895\" data-elementor-post-type=\"post\">\n\t\t\t\t\t\t<section class=\"elementor-section elementor-top-section elementor-element elementor-element-79fece00 elementor-section-boxed elementor-section-height-default elementor-section-height-default\" data-id=\"79fece00\" data-element_type=\"section\">\n\t\t\t\t\t\t<div class=\"elementor-container elementor-column-gap-default\">\n\t\t\t\t\t<div class=\"elementor-column elementor-col-100 elementor-top-column elementor-element elementor-element-270fe499\" data-id=\"270fe499\" data-element_type=\"column\">\n\t\t\t<div class=\"elementor-widget-wrap elementor-element-populated\">\n\t\t\t\t\t\t<div class=\"elementor-element elementor-element-7b2b4cb4 elementor-widget elementor-widget-wp-widget-bcn_widget\" data-id=\"7b2b4cb4\" data-element_type=\"widget\" data-widget_type=\"wp-widget-bcn_widget.default\">\n\t\t\t\t<div class=\"elementor-widget-container\">\n\t\t\t<div class=\"mn-grid breadcrumb\">\n                                    <div class=\"breadcrumb-inner mn-grid-12\"><div class=\"breadcrumbs\" vocab=\"https:\/\/schema.org\/\" typeof=\"BreadcrumbList\"><span property=\"itemListElement\" typeof=\"ListItem\"><a property=\"item\" typeof=\"WebPage\" title=\"Go to Szko\u0142a G\u0142\u00f3wna Gospodarstwa Wiejskiego w Warszawie.\" href=\"https:\/\/www.sggw.edu.pl\/en\/\" class=\"home\" aria-current=\"page\"><span property=\"name\">Home<\/span><\/a><meta property=\"position\" content=\"1\"><\/span><\/div>    <\/div>\n                                <\/div>\t\t<\/div>\n\t\t\t\t<\/div>\n\t\t\t\t<div class=\"elementor-element elementor-element-716e6fa elementor-widget elementor-widget-post-title\" data-id=\"716e6fa\" data-element_type=\"widget\" data-widget_type=\"post-title.default\">\n\t\t\t\t<div class=\"elementor-widget-container\">\n\t\t\t<section>\n                    <div class=\"mn-grid entry-header-inner section-inner medium\">\n                        <h1 class=\"mn-grid-12 entry-title\" style=\"\">\n                            Digital Inclusion\n                        <\/h1>\n                    <\/div>\n                <\/section>\t\t<\/div>\n\t\t\t\t<\/div>\n\t\t\t\t\t<\/div>\n\t\t<\/div>\n\t\t\t\t\t<\/div>\n\t\t<\/section>\n\t\t\t\t<section class=\"elementor-section elementor-top-section elementor-element elementor-element-9b2d0b1 elementor-section-boxed elementor-section-height-default elementor-section-height-default\" data-id=\"9b2d0b1\" data-element_type=\"section\">\n\t\t\t\t\t\t<div class=\"elementor-container elementor-column-gap-default\">\n\t\t\t\t\t<div class=\"elementor-column elementor-col-100 elementor-top-column elementor-element elementor-element-399326a\" data-id=\"399326a\" data-element_type=\"column\">\n\t\t\t<div class=\"elementor-widget-wrap elementor-element-populated\">\n\t\t\t\t\t\t<div class=\"elementor-element elementor-element-f02432a elementor-widget elementor-widget-w33\" data-id=\"f02432a\" data-element_type=\"widget\" data-widget_type=\"w33.default\">\n\t\t\t\t<div class=\"elementor-widget-container\">\n\t\t\t<section>\n            <div class=\"mn-grid\">\n                <div class=\"mn-vertical-separator-x2\">\n                    \n                <\/div>\n            <\/section>\t\t<\/div>\n\t\t\t\t<\/div>\n\t\t\t\t<div class=\"elementor-element elementor-element-5b8aa5f elementor-widget elementor-widget-w12\" data-id=\"5b8aa5f\" data-element_type=\"widget\" data-widget_type=\"w12.default\">\n\t\t\t\t<div class=\"elementor-widget-container\">\n\t\t\t<section>\n                <div class=\"mn-grid\">\n                    <div class=\"mn-grid-12 mn-mod-text-links\">\n                        <p>The DigiPlace4all educational platform was created as part of the international project &#8220;European Masters of Digital Inclusion&#8221; implemented, among others by the Institute for Regional Development Foundation. <\/p>\n<p style=\"font-weight: 400;\"><strong>The DigiPlace4all educational platform was created as part of the international project &#8220;European Masters of Digital Inclusion&#8221; implemented, among others by the Institute for Regional Development Foundation.<\/strong><\/p>\n<p style=\"font-weight: 400;\"><strong>DigiPlace4all<\/strong> is a space for the functioning of a virtual community of people with disabilities, academic teachers, vocational trainers and employers. Its purpose is to support the development of digital skills of individuals<br \/>people with disabilities and the exchange of good practices in terms of access to education and employment. The virtual community is maintained, developed and promoted by its members. Communication channels, available on the platform, enable establishing and constantly strengthening relationships in order to share experiences, knowledge and skills. This ensures that there is an always available and updated source of information and support.<\/p>\n<p style=\"font-weight: 400;\">Success<strong> DigiPlace4all<\/strong> depends on the activity and involvement of users. By registering on the platform, you can gain:<\/p>\n<ul style=\"font-weight: 400;\">\n<li>a new tool for cooperation with employers and the non-governmental sector;<\/li>\n<li>support for activities to increase the accessibility of education for people with disabilities;<\/li>\n<li>a new communication tool between university employees and students with disabilities.<\/li>\n<\/ul>\n<p style=\"font-weight: 400;\"> Participation in building the DigiPlace4all community is also an opportunity to strengthen the ties of the academic community.<strong> DigiPlace4all<\/strong> in the near future, it will become an accessible, sustainable source of mutual support, translating into an increase in digital inclusion of people with disabilities in Poland. We hope that the platform will prove to be an interesting and useful form of communication and cooperation with students with disabilities. For any additional information, please contact the project coordinator, Ms Ma\u0142gorzata Polak:<a href=\"mailto:malgorzata.polak@firr.org.pl\"> malgorzata.polak@firr.org.pl<\/a> , tel. 663 660 049.<\/p>\n\n                    <\/div>\n                <\/div>\n            <\/section>\t\t<\/div>\n\t\t\t\t<\/div>\n\t\t\t\t<div class=\"elementor-element elementor-element-64a68b3 elementor-widget elementor-widget-w33\" data-id=\"64a68b3\" data-element_type=\"widget\" data-widget_type=\"w33.default\">\n\t\t\t\t<div class=\"elementor-widget-container\">\n\t\t\t<section>\n            <div class=\"mn-grid\">\n                <div class=\"mn-vertical-separator-x2\">\n                    \n                <\/div>\n            <\/section>\t\t<\/div>\n\t\t\t\t<\/div>\n\t\t\t\t\t<\/div>\n\t\t<\/div>\n\t\t\t\t\t<\/div>\n\t\t<\/section>\n\t\t\t\t<section class=\"elementor-section elementor-top-section elementor-element elementor-element-5f5c9a7 elementor-section-boxed elementor-section-height-default elementor-section-height-default\" data-id=\"5f5c9a7\" data-element_type=\"section\">\n\t\t\t\t\t\t<div class=\"elementor-container elementor-column-gap-default\">\n\t\t\t\t\t<div class=\"elementor-column elementor-col-100 elementor-top-column elementor-element elementor-element-4af9a29\" data-id=\"4af9a29\" data-element_type=\"column\">\n\t\t\t<div class=\"elementor-widget-wrap elementor-element-populated\">\n\t\t\t\t\t\t<div class=\"elementor-element elementor-element-5e4e389 elementor-widget elementor-widget-w8\" data-id=\"5e4e389\" data-element_type=\"widget\" data-widget_type=\"w8.default\">\n\t\t\t\t<div class=\"elementor-widget-container\">\n\t\t\t<section>\n                <div class=\"mn-grid\">\n                    <div class=\"mn-grid-12 mn-more-container\">\n                        <a href=\"https:\/\/digiplace4all.eu\/pl\/\" class=\"mn-more\">We invite you to register!<\/a>\n                    <\/div>\n                <\/div>\n            <\/section>\t\t<\/div>\n\t\t\t\t<\/div>\n\t\t\t\t\t<\/div>\n\t\t<\/div>\n\t\t\t\t\t<\/div>\n\t\t<\/section>\n\t\t\t\t<\/div>\n\t\t","protected":false},"excerpt":{"rendered":"<p>The DigiPlace4all educational platform was created as part of the international project &#8220;European Masters of Digital Inclusion&#8221; implemented, among others by the Institute for Regional Development Foundation.<\/p>\n","protected":false},"author":1,"featured_media":0,"comment_status":"closed","ping_status":"closed","sticky":false,"template":"","format":"standard","meta":{"_acf_changed":false,"footnotes":""},"categories":[141],"tags":[],"class_list":["post-16895","post","type-post","status-publish","format-standard","hentry","category-disabled-institutions"],"acf":[],"_links":{"self":[{"href":"https:\/\/www.sggw.edu.pl\/en\/wp-json\/wp\/v2\/posts\/16895","targetHints":{"allow":["GET"]}}],"collection":[{"href":"https:\/\/www.sggw.edu.pl\/en\/wp-json\/wp\/v2\/posts"}],"about":[{"href":"https:\/\/www.sggw.edu.pl\/en\/wp-json\/wp\/v2\/types\/post"}],"author":[{"embeddable":true,"href":"https:\/\/www.sggw.edu.pl\/en\/wp-json\/wp\/v2\/users\/1"}],"replies":[{"embeddable":true,"href":"https:\/\/www.sggw.edu.pl\/en\/wp-json\/wp\/v2\/comments?post=16895"}],"version-history":[{"count":2,"href":"https:\/\/www.sggw.edu.pl\/en\/wp-json\/wp\/v2\/posts\/16895\/revisions"}],"predecessor-version":[{"id":16954,"href":"https:\/\/www.sggw.edu.pl\/en\/wp-json\/wp\/v2\/posts\/16895\/revisions\/16954"}],"wp:attachment":[{"href":"https:\/\/www.sggw.edu.pl\/en\/wp-json\/wp\/v2\/media?parent=16895"}],"wp:term":[{"taxonomy":"category","embeddable":true,"href":"https:\/\/www.sggw.edu.pl\/en\/wp-json\/wp\/v2\/categories?post=16895"},{"taxonomy":"post_tag","embeddable":true,"href":"https:\/\/www.sggw.edu.pl\/en\/wp-json\/wp\/v2\/tags?post=16895"}],"curies":[{"name":"wp","href":"https:\/\/api.w.org\/{rel}","templated":true}]}}